{"id":11952,"date":"2023-08-25T00:53:53","date_gmt":"2023-08-25T00:53:53","guid":{"rendered":"\/as-condicoes-naturais-do-douro-para-o-vinho-do-porto-beneficiam-tambem-os-vinhos-tranquilos\/"},"modified":"2024-01-17T11:36:39","modified_gmt":"2024-01-17T11:36:39","slug":"as-condicoes-naturais-do-douro-para-o-vinho-do-porto-beneficiam-tambem-os-vinhos-tranquilos","status":"publish","type":"post","link":"https:\/\/thebestportugal.com\/pt-pt\/as-condicoes-naturais-do-douro-para-o-vinho-do-porto-beneficiam-tambem-os-vinhos-tranquilos\/","title":{"rendered":"As Condi\u00e7\u00f5es Naturais do Douro para o Vinho do Porto Beneficiam Tamb\u00e9m os Vinhos Tranquilos"},"content":{"rendered":"\t\t<div data-elementor-type=\"wp-post\" data-elementor-id=\"11952\" class=\"elementor elementor-11952 elementor-4199\" data-elementor-post-type=\"post\">\n\t\t\t\t\t\t\t<div class=\"elementor-element elementor-element-5709eadd e-flex e-con-boxed e-con e-parent\" data-id=\"5709eadd\" data-element_type=\"container\" data-settings=\"{&quot;content_width&quot;:&quot;boxed&quot;}\" data-core-v316-plus=\"true\">\n\t\t\t\t\t<div class=\"e-con-inner\">\n\t\t\t\t<div class=\"elementor-element elementor-element-7bcdf57f elementor-widget elementor-widget-theme-post-title elementor-page-title elementor-widget-heading\" data-id=\"7bcdf57f\" data-element_type=\"widget\" data-widget_type=\"theme-post-title.default\">\n\t\t\t\t<div class=\"elementor-widget-container\">\n\t\t\t<style>\/*! elementor - v3.18.0 - 04-12-2023 *\/\n.elementor-heading-title{padding:0;margin:0;line-height:1}.elementor-widget-heading .elementor-heading-title[class*=elementor-size-]>a{color:inherit;font-size:inherit;line-height:inherit}.elementor-widget-heading .elementor-heading-title.elementor-size-small{font-size:15px}.elementor-widget-heading .elementor-heading-title.elementor-size-medium{font-size:19px}.elementor-widget-heading .elementor-heading-title.elementor-size-large{font-size:29px}.elementor-widget-heading .elementor-heading-title.elementor-size-xl{font-size:39px}.elementor-widget-heading .elementor-heading-title.elementor-size-xxl{font-size:59px}<\/style><h1 class=\"elementor-heading-title elementor-size-default\">As Condi\u00e7\u00f5es Naturais do Douro para o Vinho do Porto Beneficiam Tamb\u00e9m os Vinhos Tranquilos<\/h1>\t\t<\/div>\n\t\t\t\t<\/div>\n\t\t\t\t<div class=\"elementor-element elementor-element-19251483 elementor-align-center elementor-widget elementor-widget-post-info\" data-id=\"19251483\" data-element_type=\"widget\" data-widget_type=\"post-info.default\">\n\t\t\t\t<div class=\"elementor-widget-container\">\n\t\t\t<link rel=\"stylesheet\" href=\"https:\/\/thebestportugal.com\/wp-content\/plugins\/elementor\/assets\/css\/widget-icon-list.min.css\"><link rel=\"stylesheet\" href=\"https:\/\/thebestportugal.com\/wp-content\/plugins\/elementor-pro\/assets\/css\/widget-theme-elements.min.css\">\t\t<ul class=\"elementor-inline-items elementor-icon-list-items elementor-post-info\">\n\t\t\t\t\t\t\t\t<li class=\"elementor-icon-list-item elementor-repeater-item-7f530f1 elementor-inline-item\" itemprop=\"datePublished\">\n\t\t\t\t\t\t<a href=\"https:\/\/thebestportugal.com\/pt-pt\/2023\/08\/25\/\">\n\t\t\t\t\t\t\t\t\t\t\t\t\t\t<span class=\"elementor-icon-list-text elementor-post-info__item elementor-post-info__item--type-date\">\n\t\t\t\t\t\t\t\t\t\tAgosto 25, 2023\t\t\t\t\t<\/span>\n\t\t\t\t\t\t\t\t\t<\/a>\n\t\t\t\t<\/li>\n\t\t\t\t<\/ul>\n\t\t\t\t<\/div>\n\t\t\t\t<\/div>\n\t\t\t\t<div class=\"elementor-element elementor-element-4d05171 elementor-align-center elementor-widget elementor-widget-elementskit-category-list\" data-id=\"4d05171\" data-element_type=\"widget\" data-widget_type=\"elementskit-category-list.default\">\n\t\t\t\t<div class=\"elementor-widget-container\">\n\t\t\t<div class=\"ekit-wid-con\" >\t\t<ul class=\"elementor-icon-list-items elementor-inline-items\">\n\t\t\t\t\t\t\t<li class=\"elementor-icon-list-item\">\n\t\t\t\t\t<a href=\"https:\/\/thebestportugal.com\/category\/blog\/wine-and-food-blog\/\" >\n                                                <span class=\"elementor-icon-list-text\">Wine and Food<\/span>\n\t\t\t\t\t<\/a>\n\t\t\t\t<\/li>\n\t\t\t\t\t\t<\/ul>\n\t\t<\/div>\t\t<\/div>\n\t\t\t\t<\/div>\n\t\t\t\t\t<\/div>\n\t\t\t\t<\/div>\n\t\t<div class=\"elementor-element elementor-element-b29494c e-flex e-con-boxed e-con e-parent\" data-id=\"b29494c\" data-element_type=\"container\" data-settings=\"{&quot;content_width&quot;:&quot;boxed&quot;}\" data-core-v316-plus=\"true\">\n\t\t\t\t\t<div class=\"e-con-inner\">\n\t\t\t\t<div class=\"elementor-element elementor-element-47b45b7 elementor-widget__width-initial elementor-widget-mobile__width-inherit elementor-widget elementor-widget-text-editor\" data-id=\"47b45b7\" data-element_type=\"widget\" data-settings=\"{&quot;_animation&quot;:&quot;none&quot;}\" data-widget_type=\"text-editor.default\">\n\t\t\t\t<div class=\"elementor-widget-container\">\n\t\t\t<style>\/*! elementor - v3.18.0 - 04-12-2023 *\/\n.elementor-widget-text-editor.elementor-drop-cap-view-stacked .elementor-drop-cap{background-color:#69727d;color:#fff}.elementor-widget-text-editor.elementor-drop-cap-view-framed .elementor-drop-cap{color:#69727d;border:3px solid;background-color:transparent}.elementor-widget-text-editor:not(.elementor-drop-cap-view-default) .elementor-drop-cap{margin-top:8px}.elementor-widget-text-editor:not(.elementor-drop-cap-view-default) .elementor-drop-cap-letter{width:1em;height:1em}.elementor-widget-text-editor .elementor-drop-cap{float:left;text-align:center;line-height:1;font-size:50px}.elementor-widget-text-editor .elementor-drop-cap-letter{display:inline-block}<\/style>\t\t\t\t<p>O Douro, dadas as suas qualidades naturais \u00fanicas para a produ\u00e7\u00e3o de vinhos de excel\u00eancia e a sua longa hist\u00f3ria &#8211; uma verdadeira saga humana de 250 anos &#8211; \u00e9 um destino de elei\u00e7\u00e3o. Entre Barqueiros e Barca d&#8217;Alva, as encostas selvagens do vale transformam-se em sali\u00eancias, criando uma paisagem impressionante, considerada Patrim\u00f3nio Mundial em 2001.<\/p>\n\t\t\t\t\t\t<\/div>\n\t\t\t\t<\/div>\n\t\t\t\t<div class=\"elementor-element elementor-element-ffa88a5 elementor-widget__width-initial elementor-widget-mobile__width-inherit elementor-widget elementor-widget-text-editor\" data-id=\"ffa88a5\" data-element_type=\"widget\" data-settings=\"{&quot;_animation&quot;:&quot;none&quot;}\" data-widget_type=\"text-editor.default\">\n\t\t\t\t<div class=\"elementor-widget-container\">\n\t\t\t\t\t\t\t<div class=\"article-content entry-content\">\n<p>Considerando que o vinho do Porto vintage requer fruta extremamente madura e taninos elevados para a sua riqueza e longevidade, pode ser surpreendente que um vinho seco n\u00e3o fortificado beneficie dos mesmos locais e clima que um grande vinho do Porto.<br \/>Mas \u00e9 essa a opini\u00e3o de Prats, franc\u00eas e antigo propriet\u00e1rio do Ch\u00e2teau Cos-d&#8217;Estournel, em Bord\u00e9us, que se envolveu em 1999 num ambicioso projeto de vinhos finos na regi\u00e3o do Porto &#8211; o Douro &#8211; quando iniciou a marca de vinhos de mesa Chryseia com a Symington Family Estates, a empresa por detr\u00e1s de marcas fortificadas famosas como a Graham&#8217;s e a Dow&#8217;s.<\/p>\n<p>Em Londres, na segunda-feira desta semana, onde mostrou amostras de Chryseia desde 2001, disse: &#8220;Hoje estou mais convencido do que nunca de que as melhores vinhas para o Vinho do Porto s\u00e3o as melhores para o vinho de mesa, e as melhores colheitas para o Vinho do Porto s\u00e3o as melhores para o vinho de mesa&#8221;.<\/p>\n<p>A diferen\u00e7a, acrescentou, resulta das \u00e9pocas de colheita: &#8220;Para o vinho do Porto, \u00e9 preciso colher mais tarde&#8221;.<br \/>As uvas para o Porto Vintage tendem a ser provenientes de vinhas perto do rio Douro com uma exposi\u00e7\u00e3o a sul para garantir que os cachos recebem o m\u00e1ximo de luz solar e calor poss\u00edvel, enquanto os solos tendem a ser baseados em xisto, que tem uma elevada capacidade de reten\u00e7\u00e3o de \u00e1gua para evitar o stress da videira durante os longos ver\u00f5es quentes da regi\u00e3o. Dois desses locais, a Quinta de Roriz e a Quinta da Perdiz, s\u00e3o a fonte de uvas para o Chryseia, que, segundo Prats, atingiu o seu auge num ano como 2011.<\/p>\n<p>No entanto, referiu que \u00e9 importante vindimar a casta Touriga Nacional &#8211; componente fundamental do Chryseia &#8211; &#8220;muito cedo num ano quente, pois pode amadurecer rapidamente&#8221;, enquanto a Touriga Franca, que tamb\u00e9m \u00e9 utilizada para o vinho, deve ser vindimada tardiamente num ano fresco, &#8220;caso contr\u00e1rio pode ficar verde&#8221;. &#8220;Este tipo de conhecimento leva tempo a dominar&#8221;, acrescentou.<\/p>\n<p>Prats referiu ainda que, devido \u00e0 import\u00e2ncia de selecionar o momento ideal de vindima de cada casta para a produ\u00e7\u00e3o de vinho de mesa no Douro, era fundamental trabalhar com blocos de vinha dispostos de acordo com o tipo de uva. Consequentemente, referiu que n\u00e3o era favor\u00e1vel \u00e0 produ\u00e7\u00e3o de vinhos de mesa a partir das vinhas muito velhas do Douro, que tendem a ser misturas de campos com muitas uvas diferentes no mesmo local. &#8220;Sou contra a tradi\u00e7\u00e3o das planta\u00e7\u00f5es de variedades mistas, porque assim n\u00e3o se colhe nada na altura certa&#8221;, declarou.<\/p>\n<p>Acreditando na qualidade dos vinhos de mesa do Douro, afirmou que j\u00e1 se fazem grandes tintos na regi\u00e3o e que agora \u00e9 s\u00f3 uma quest\u00e3o de dar a conhecer a sua exist\u00eancia a mais pessoas. &#8220;Temos os vinhos, s\u00f3 precisamos de ser reconhecidos&#8221;, afirmou.<\/p>\n<\/div>\n\t\t\t\t\t\t<\/div>\n\t\t\t\t<\/div>\n\t\t\t\t\t<\/div>\n\t\t\t\t<\/div>\n\t\t<div class=\"elementor-element elementor-element-e921b8d e-flex e-con-boxed e-con e-parent\" data-id=\"e921b8d\" data-element_type=\"container\" data-settings=\"{&quot;content_width&quot;:&quot;boxed&quot;}\" data-core-v316-plus=\"true\">\n\t\t\t\t\t<div class=\"e-con-inner\">\n\t\t\t\t<div class=\"elementor-element elementor-element-c0ac171 elementor-widget elementor-widget-image\" data-id=\"c0ac171\" data-element_type=\"widget\" data-widget_type=\"image.default\">\n\t\t\t\t<div class=\"elementor-widget-container\">\n\t\t\t<style>\/*! elementor - v3.18.0 - 04-12-2023 *\/\n.elementor-widget-image{text-align:center}.elementor-widget-image a{display:inline-block}.elementor-widget-image a img[src$=\".svg\"]{width:48px}.elementor-widget-image img{vertical-align:middle;display:inline-block}<\/style>\t\t\t\t\t\t\t\t\t\t\t\t<img fetchpriority=\"high\" decoding=\"async\" width=\"1024\" height=\"768\" src=\"https:\/\/thebestportugal.com\/wp-content\/uploads\/2023\/08\/nuno-pinto-L_9Qu7uaQvQ-unsplash-1-1024x768.jpg\" class=\"attachment-large size-large wp-image-3787\" alt=\"\" srcset=\"https:\/\/thebestportugal.com\/wp-content\/uploads\/2023\/08\/nuno-pinto-L_9Qu7uaQvQ-unsplash-1-1024x768.jpg 1024w, https:\/\/thebestportugal.com\/wp-content\/uploads\/2023\/08\/nuno-pinto-L_9Qu7uaQvQ-unsplash-1-300x225.jpg 300w, https:\/\/thebestportugal.com\/wp-content\/uploads\/2023\/08\/nuno-pinto-L_9Qu7uaQvQ-unsplash-1-768x576.jpg 768w, https:\/\/thebestportugal.com\/wp-content\/uploads\/2023\/08\/nuno-pinto-L_9Qu7uaQvQ-unsplash-1-1536x1152.jpg 1536w, https:\/\/thebestportugal.com\/wp-content\/uploads\/2023\/08\/nuno-pinto-L_9Qu7uaQvQ-unsplash-1-2048x1536.jpg 2048w\" sizes=\"(max-width: 1024px) 100vw, 1024px\" \/>\t\t\t\t\t\t\t\t\t\t\t\t\t\t\t<\/div>\n\t\t\t\t<\/div>\n\t\t\t\t<div class=\"elementor-element elementor-element-f48c972 elementor-widget__width-initial elementor-widget-mobile__width-inherit elementor-widget elementor-widget-text-editor\" data-id=\"f48c972\" data-element_type=\"widget\" data-settings=\"{&quot;_animation&quot;:&quot;none&quot;}\" data-widget_type=\"text-editor.default\">\n\t\t\t\t<div class=\"elementor-widget-container\">\n\t\t\t\t\t\t\t<p>Entretanto, numa troca de e-mails com a empresa de <em>bebidas<\/em> no final do ano passado, o diretor-geral da Symington Family Estates, Paul Symington, afirmou que os tintos do Douro j\u00e1 estavam a receber os elogios da cr\u00edtica que mereciam.<\/p>\n<p>Referindo-se \u00e0 preval\u00eancia de vinhos de mesa do Douro no topo da tabela no Top 100 de 2014 da  <em>The Wine Spectator<\/em>  &#8211; e um Porto vintage em primeiro lugar &#8211; afirmou que a lista do ano passado seria vista como um &#8220;ponto de viragem&#8221; na hist\u00f3ria da denomina\u00e7\u00e3o de vinho de Portugal.<br \/>&#8220;O facto de <em>a The Wine Spectator<\/em> voltar agora os holofotes internacionais para o Douro tem um enorme significado para a nossa regi\u00e3o, os seus produtores e os seus agricultores&#8221;, escreveu.<\/p>\n<p>Continuando, referiu: &#8220;Acredito sinceramente que a nomea\u00e7\u00e3o de dois vinhos do Douro, Chryseia 2011 e Vale de Meao 2011, como n\u00fameros 3 e 4 na sua lista dos Melhores Vinhos de 2014 foi um ponto de viragem e ser\u00e1 visto como tal nos pr\u00f3ximos anos&#8221;.<\/p>\n<p>Concluindo, acrescentou: &#8220;A sele\u00e7\u00e3o do Porto Vintage 2011 da Dow&#8217;s como vinho de topo foi uma \u00f3ptima not\u00edcia para n\u00f3s e muito, muito boa para o Porto Vintage, mas, de certa forma, estou ainda mais satisfeito com a classifica\u00e7\u00e3o do Douro da forma como foi&#8221;.<\/p>\n\t\t\t\t\t\t<\/div>\n\t\t\t\t<\/div>\n\t\t\t\t\t<\/div>\n\t\t\t\t<\/div>\n\t\t<div class=\"elementor-element elementor-element-20c71819 e-flex e-con-boxed e-con e-parent\" data-id=\"20c71819\" data-element_type=\"container\" data-settings=\"{&quot;content_width&quot;:&quot;boxed&quot;}\" data-core-v316-plus=\"true\">\n\t\t\t\t\t<div class=\"e-con-inner\">\n\t\t\t\t<div class=\"elementor-element elementor-element-4889da41 elementor-widget elementor-widget-heading\" data-id=\"4889da41\" data-element_type=\"widget\" data-widget_type=\"heading.default\">\n\t\t\t\t<div class=\"elementor-widget-container\">\n\t\t\t<h2 class=\"elementor-heading-title elementor-size-default\">Publica\u00e7\u00f5es relacionadas<\/h2>\t\t<\/div>\n\t\t\t\t<\/div>\n\t\t\t\t<div class=\"elementor-element elementor-element-598bd39d elementor-posts__hover-none elementor-grid-3 elementor-grid-tablet-2 elementor-grid-mobile-1 elementor-posts--thumbnail-top elementor-widget elementor-widget-posts\" data-id=\"598bd39d\" data-element_type=\"widget\" data-settings=\"{&quot;cards_row_gap&quot;:{&quot;unit&quot;:&quot;px&quot;,&quot;size&quot;:80,&quot;sizes&quot;:[]},&quot;cards_row_gap_tablet&quot;:{&quot;unit&quot;:&quot;px&quot;,&quot;size&quot;:71,&quot;sizes&quot;:[]},&quot;cards_row_gap_mobile&quot;:{&quot;unit&quot;:&quot;px&quot;,&quot;size&quot;:30,&quot;sizes&quot;:[]},&quot;cards_columns&quot;:&quot;3&quot;,&quot;cards_columns_tablet&quot;:&quot;2&quot;,&quot;cards_columns_mobile&quot;:&quot;1&quot;}\" data-widget_type=\"posts.cards\">\n\t\t\t\t<div class=\"elementor-widget-container\">\n\t\t\t<link rel=\"stylesheet\" href=\"https:\/\/thebestportugal.com\/wp-content\/plugins\/elementor-pro\/assets\/css\/widget-posts.min.css\">\t\t<div class=\"elementor-posts-container elementor-posts elementor-posts--skin-cards elementor-grid\">\n\t\t\t\t<article class=\"elementor-post elementor-grid-item post-14064 post type-post status-publish format-standard hentry category-vinho-e-comida-pt-pt\">\n\t\t\t<div class=\"elementor-post__card\">\n\t\t\t\t<div class=\"elementor-post__text\">\n\t\t\t\t<h4 class=\"elementor-post__title\">\n\t\t\t<a href=\"https:\/\/thebestportugal.com\/pt-pt\/o-verao-chegou\/\" >\n\t\t\t\tO Ver\u00e3o Chegou\t\t\t<\/a>\n\t\t<\/h4>\n\t\t\t\t<div class=\"elementor-post__excerpt\">\n\t\t\t<p>O Ver\u00e3o chegou e com ele a nossa pretens\u00e3o constante de comermos comidas leves e bebermos bebidas refrescantes. E o<\/p>\n\t\t<\/div>\n\t\t\n\t\t<a class=\"elementor-post__read-more\" href=\"https:\/\/thebestportugal.com\/pt-pt\/o-verao-chegou\/\" aria-label=\"Read more about O Ver\u00e3o Chegou\" tabindex=\"-1\" >\n\t\t\tLer mais\t\t<\/a>\n\n\t\t\t\t<\/div>\n\t\t\t\t\t<\/div>\n\t\t<\/article>\n\t\t\t\t<article class=\"elementor-post elementor-grid-item post-13998 post type-post status-publish format-standard hentry category-vinho-e-comida-pt-pt\">\n\t\t\t<div class=\"elementor-post__card\">\n\t\t\t\t<div class=\"elementor-post__text\">\n\t\t\t\t<h4 class=\"elementor-post__title\">\n\t\t\t<a href=\"https:\/\/thebestportugal.com\/pt-pt\/o-futuro-do-enoturismo\/\" >\n\t\t\t\tO Futuro do Enoturismo\t\t\t<\/a>\n\t\t<\/h4>\n\t\t\t\t<div class=\"elementor-post__excerpt\">\n\t\t\t<p>O turismo de vinho foi dos poucos sectores que resistiu de forma eficaz \u00e0 Covid. Desde 2022, as viagens t\u00eam<\/p>\n\t\t<\/div>\n\t\t\n\t\t<a class=\"elementor-post__read-more\" href=\"https:\/\/thebestportugal.com\/pt-pt\/o-futuro-do-enoturismo\/\" aria-label=\"Read more about O Futuro do Enoturismo\" tabindex=\"-1\" >\n\t\t\tLer mais\t\t<\/a>\n\n\t\t\t\t<\/div>\n\t\t\t\t\t<\/div>\n\t\t<\/article>\n\t\t\t\t<\/div>\n\t\t\n\t\t\t\t<\/div>\n\t\t\t\t<\/div>\n\t\t\t\t<div class=\"elementor-element elementor-element-00da206 elementor-widget elementor-widget-spacer\" data-id=\"00da206\" data-element_type=\"widget\" data-widget_type=\"spacer.default\">\n\t\t\t\t<div class=\"elementor-widget-container\">\n\t\t\t<style>\/*! elementor - v3.18.0 - 04-12-2023 *\/\n.elementor-column .elementor-spacer-inner{height:var(--spacer-size)}.e-con{--container-widget-width:100%}.e-con-inner>.elementor-widget-spacer,.e-con>.elementor-widget-spacer{width:var(--container-widget-width,var(--spacer-size));--align-self:var(--container-widget-align-self,initial);--flex-shrink:0}.e-con-inner>.elementor-widget-spacer>.elementor-widget-container,.e-con>.elementor-widget-spacer>.elementor-widget-container{height:100%;width:100%}.e-con-inner>.elementor-widget-spacer>.elementor-widget-container>.elementor-spacer,.e-con>.elementor-widget-spacer>.elementor-widget-container>.elementor-spacer{height:100%}.e-con-inner>.elementor-widget-spacer>.elementor-widget-container>.elementor-spacer>.elementor-spacer-inner,.e-con>.elementor-widget-spacer>.elementor-widget-container>.elementor-spacer>.elementor-spacer-inner{height:var(--container-widget-height,var(--spacer-size))}.e-con-inner>.elementor-widget-spacer.elementor-widget-empty,.e-con>.elementor-widget-spacer.elementor-widget-empty{position:relative;min-height:22px;min-width:22px}.e-con-inner>.elementor-widget-spacer.elementor-widget-empty .elementor-widget-empty-icon,.e-con>.elementor-widget-spacer.elementor-widget-empty .elementor-widget-empty-icon{position:absolute;top:0;bottom:0;left:0;right:0;margin:auto;padding:0;width:22px;height:22px}<\/style>\t\t<div class=\"elementor-spacer\">\n\t\t\t<div class=\"elementor-spacer-inner\"><\/div>\n\t\t<\/div>\n\t\t\t\t<\/div>\n\t\t\t\t<\/div>\n\t\t\t\t\t<\/div>\n\t\t\t\t<\/div>\n\t\t\t\t<section class=\"elementor-section elementor-top-section elementor-element elementor-element-dca0111 elementor-section-height-min-height elementor-section-full_width elementor-section-items-stretch elementor-section-content-bottom elementor-section-stretched elementor-section-height-default elementor-invisible\" data-id=\"dca0111\" data-element_type=\"section\" data-settings=\"{&quot;background_background&quot;:&quot;classic&quot;,&quot;animation&quot;:&quot;fadeIn&quot;,&quot;stretch_section&quot;:&quot;section-stretched&quot;}\">\n\t\t\t\t\t\t\t<div class=\"elementor-background-overlay\"><\/div>\n\t\t\t\t\t\t\t<div class=\"elementor-container elementor-column-gap-default\">\n\t\t\t\t\t<div class=\"elementor-column elementor-col-50 elementor-top-column elementor-element elementor-element-e9b94a9\" data-id=\"e9b94a9\" data-element_type=\"column\">\n\t\t\t<div class=\"elementor-widget-wrap\">\n\t\t\t\t\t\t\t\t\t<\/div>\n\t\t<\/div>\n\t\t\t\t<div class=\"elementor-column elementor-col-50 elementor-top-column elementor-element elementor-element-347bfe0\" data-id=\"347bfe0\" data-element_type=\"column\">\n\t\t\t<div class=\"elementor-widget-wrap elementor-element-populated\">\n\t\t\t\t\t\t\t\t<div class=\"elementor-element elementor-element-fc48404 elementor-widget elementor-widget-spacer\" data-id=\"fc48404\" data-element_type=\"widget\" data-widget_type=\"spacer.default\">\n\t\t\t\t<div class=\"elementor-widget-container\">\n\t\t\t\t\t<div class=\"elementor-spacer\">\n\t\t\t<div class=\"elementor-spacer-inner\"><\/div>\n\t\t<\/div>\n\t\t\t\t<\/div>\n\t\t\t\t<\/div>\n\t\t\t\t<div class=\"elementor-element elementor-element-9e622ea elementor-widget__width-initial elementor-widget elementor-widget-qi_addons_for_elementor_button\" data-id=\"9e622ea\" data-element_type=\"widget\" data-widget_type=\"qi_addons_for_elementor_button.default\">\n\t\t\t\t<div class=\"elementor-widget-container\">\n\t\t\t<a class=\"qodef-shortcode qodef-m qodef-qi-button qodef-html--link qodef-layout--textual qodef-icon--right qodef-hover--icon-move-horizontal-short qodef-text-underline qodef-underline--left\" href=\"\" target=\"_self\">\n\t<span class=\"qodef-m-text\">Subscreva a nossa newsletter aqui!<\/span>\n\t<\/a>\n\t\t<\/div>\n\t\t\t\t<\/div>\n\t\t\t\t<div class=\"elementor-element elementor-element-bba203b elementor-widget elementor-widget-spacer\" data-id=\"bba203b\" data-element_type=\"widget\" data-widget_type=\"spacer.default\">\n\t\t\t\t<div class=\"elementor-widget-container\">\n\t\t\t\t\t<div class=\"elementor-spacer\">\n\t\t\t<div class=\"elementor-spacer-inner\"><\/div>\n\t\t<\/div>\n\t\t\t\t<\/div>\n\t\t\t\t<\/div>\n\t\t\t\t\t<\/div>\n\t\t<\/div>\n\t\t\t\t\t\t\t<\/div>\n\t\t<\/section>\n\t\t\t\t\t\t\t<\/div>\n\t\t","protected":false},"excerpt":{"rendered":"<p>Wine and Food O Douro, dadas as suas qualidades naturais \u00fanicas para a produ\u00e7\u00e3o de vinhos de excel\u00eancia e a sua longa hist\u00f3ria &#8211; uma verdadeira saga humana de 250 anos &#8211; \u00e9 um destino de elei\u00e7\u00e3o. Entre Barqueiros e Barca d&#8217;Alva, as encostas selvagens do vale transformam-se em sali\u00eancias, criando uma paisagem impressionante, considerada [&hellip;]<\/p>\n","protected":false},"author":1,"featured_media":0,"comment_status":"open","ping_status":"open","sticky":false,"template":"","format":"standard","meta":{"site-sidebar-layout":"default","site-content-layout":"","ast-site-content-layout":"default","site-content-style":"default","site-sidebar-style":"default","ast-global-header-display":"","ast-banner-title-visibility":"","ast-main-header-display":"","ast-hfb-above-header-display":"","ast-hfb-below-header-display":"","ast-hfb-mobile-header-display":"","site-post-title":"","ast-breadcrumbs-content":"","ast-featured-img":"","footer-sml-layout":"","ast-disable-related-posts":"","theme-transparent-header-meta":"","adv-header-id-meta":"","stick-header-meta":"","header-above-stick-meta":"","header-main-stick-meta":"","header-below-stick-meta":"","astra-migrate-meta-layouts":"default","ast-page-background-enabled":"default","ast-page-background-meta":{"desktop":{"background-color":"var(--ast-global-color-4)","background-image":"","background-repeat":"repeat","background-position":"center center","background-size":"auto","background-attachment":"scroll","background-type":"","background-media":"","overlay-type":"","overlay-color":"","overlay-opacity":"","overlay-gradient":""},"tablet":{"background-color":"","background-image":"","background-repeat":"repeat","background-position":"center center","background-size":"auto","background-attachment":"scroll","background-type":"","background-media":"","overlay-type":"","overlay-color":"","overlay-opacity":"","overlay-gradient":""},"mobile":{"background-color":"","background-image":"","background-repeat":"repeat","background-position":"center center","background-size":"auto","background-attachment":"scroll","background-type":"","background-media":"","overlay-type":"","overlay-color":"","overlay-opacity":"","overlay-gradient":""}},"ast-content-background-meta":{"desktop":{"background-color":"var(--ast-global-color-5)","background-image":"","background-repeat":"repeat","background-position":"center center","background-size":"auto","background-attachment":"scroll","background-type":"","background-media":"","overlay-type":"","overlay-color":"","overlay-opacity":"","overlay-gradient":""},"tablet":{"background-color":"var(--ast-global-color-5)","background-image":"","background-repeat":"repeat","background-position":"center center","background-size":"auto","background-attachment":"scroll","background-type":"","background-media":"","overlay-type":"","overlay-color":"","overlay-opacity":"","overlay-gradient":""},"mobile":{"background-color":"var(--ast-global-color-5)","background-image":"","background-repeat":"repeat","background-position":"center center","background-size":"auto","background-attachment":"scroll","background-type":"","background-media":"","overlay-type":"","overlay-color":"","overlay-opacity":"","overlay-gradient":""}},"footnotes":""},"categories":[51],"tags":[],"yoast_head":"<!-- This site is optimized with the Yoast SEO plugin v21.6 - https:\/\/yoast.com\/wordpress\/plugins\/seo\/ -->\n<title>As Condi\u00e7\u00f5es Naturais do Douro para o Vinho do Porto Beneficiam Tamb\u00e9m os Vinhos Tranquilos | The Best Portugal<\/title>\n<meta name=\"robots\" content=\"index, follow, max-snippet:-1, max-image-preview:large, max-video-preview:-1\" \/>\n<link rel=\"canonical\" href=\"https:\/\/thebestportugal.com\/pt-pt\/as-condicoes-naturais-do-douro-para-o-vinho-do-porto-beneficiam-tambem-os-vinhos-tranquilos\/\" \/>\n<meta property=\"og:locale\" content=\"pt_PT\" \/>\n<meta property=\"og:type\" content=\"article\" \/>\n<meta property=\"og:title\" content=\"As Condi\u00e7\u00f5es Naturais do Douro para o Vinho do Porto Beneficiam Tamb\u00e9m os Vinhos Tranquilos | The Best Portugal\" \/>\n<meta property=\"og:description\" content=\"Wine and Food O Douro, dadas as suas qualidades naturais \u00fanicas para a produ\u00e7\u00e3o de vinhos de excel\u00eancia e a sua longa hist\u00f3ria &#8211; uma verdadeira saga humana de 250 anos &#8211; \u00e9 um destino de elei\u00e7\u00e3o. Entre Barqueiros e Barca d&#8217;Alva, as encostas selvagens do vale transformam-se em sali\u00eancias, criando uma paisagem impressionante, considerada [&hellip;]\" \/>\n<meta property=\"og:url\" content=\"\/pt-pt\/as-condicoes-naturais-do-douro-para-o-vinho-do-porto-beneficiam-tambem-os-vinhos-tranquilos\/\" \/>\n<meta property=\"og:site_name\" content=\"The Best Portugal\" \/>\n<meta property=\"article:publisher\" content=\"https:\/\/www.facebook.com\/thebestportugl\" \/>\n<meta property=\"article:published_time\" content=\"2023-08-25T00:53:53+00:00\" \/>\n<meta property=\"article:modified_time\" content=\"2024-01-17T11:36:39+00:00\" \/>\n<meta property=\"og:image\" content=\"https:\/\/thebestportugal.com\/wp-content\/uploads\/2023\/08\/nuno-pinto-L_9Qu7uaQvQ-unsplash-1-1024x768.jpg\" \/>\n<meta name=\"author\" content=\"admin\" \/>\n<meta name=\"twitter:card\" content=\"summary_large_image\" \/>\n<meta name=\"twitter:label1\" content=\"Escrito por\" \/>\n\t<meta name=\"twitter:data1\" content=\"admin\" \/>\n\t<meta name=\"twitter:label2\" content=\"Tempo estimado de leitura\" \/>\n\t<meta name=\"twitter:data2\" content=\"4 minutos\" \/>\n<script type=\"application\/ld+json\" class=\"yoast-schema-graph\">{\"@context\":\"https:\/\/schema.org\",\"@graph\":[{\"@type\":\"Article\",\"@id\":\"https:\/\/thebestportugal.com\/pt-pt\/as-condicoes-naturais-do-douro-para-o-vinho-do-porto-beneficiam-tambem-os-vinhos-tranquilos\/#article\",\"isPartOf\":{\"@id\":\"\/pt-pt\/as-condicoes-naturais-do-douro-para-o-vinho-do-porto-beneficiam-tambem-os-vinhos-tranquilos\/\"},\"author\":{\"name\":\"admin\",\"@id\":\"https:\/\/thebestportugal.com\/#\/schema\/person\/aa3bb54f350ef0a8285ed87c404bd424\"},\"headline\":\"As Condi\u00e7\u00f5es Naturais do Douro para o Vinho do Porto Beneficiam Tamb\u00e9m os Vinhos Tranquilos\",\"datePublished\":\"2023-08-25T00:53:53+00:00\",\"dateModified\":\"2024-01-17T11:36:39+00:00\",\"mainEntityOfPage\":{\"@id\":\"\/pt-pt\/as-condicoes-naturais-do-douro-para-o-vinho-do-porto-beneficiam-tambem-os-vinhos-tranquilos\/\"},\"wordCount\":800,\"commentCount\":0,\"publisher\":{\"@id\":\"https:\/\/thebestportugal.com\/#organization\"},\"articleSection\":[\"Vinho e comida\"],\"inLanguage\":\"pt-PT\",\"potentialAction\":[{\"@type\":\"CommentAction\",\"name\":\"Comment\",\"target\":[\"https:\/\/thebestportugal.com\/pt-pt\/as-condicoes-naturais-do-douro-para-o-vinho-do-porto-beneficiam-tambem-os-vinhos-tranquilos\/#respond\"]}]},{\"@type\":\"WebPage\",\"@id\":\"\/pt-pt\/as-condicoes-naturais-do-douro-para-o-vinho-do-porto-beneficiam-tambem-os-vinhos-tranquilos\/\",\"url\":\"https:\/\/thebestportugal.com\/pt-pt\/as-condicoes-naturais-do-douro-para-o-vinho-do-porto-beneficiam-tambem-os-vinhos-tranquilos\/\",\"name\":\"As Condi\u00e7\u00f5es Naturais do Douro para o Vinho do Porto Beneficiam Tamb\u00e9m os Vinhos Tranquilos | The Best Portugal\",\"isPartOf\":{\"@id\":\"https:\/\/thebestportugal.com\/#website\"},\"datePublished\":\"2023-08-25T00:53:53+00:00\",\"dateModified\":\"2024-01-17T11:36:39+00:00\",\"breadcrumb\":{\"@id\":\"https:\/\/thebestportugal.com\/pt-pt\/as-condicoes-naturais-do-douro-para-o-vinho-do-porto-beneficiam-tambem-os-vinhos-tranquilos\/#breadcrumb\"},\"inLanguage\":\"pt-PT\",\"potentialAction\":[{\"@type\":\"ReadAction\",\"target\":[\"https:\/\/thebestportugal.com\/pt-pt\/as-condicoes-naturais-do-douro-para-o-vinho-do-porto-beneficiam-tambem-os-vinhos-tranquilos\/\"]}]},{\"@type\":\"BreadcrumbList\",\"@id\":\"https:\/\/thebestportugal.com\/pt-pt\/as-condicoes-naturais-do-douro-para-o-vinho-do-porto-beneficiam-tambem-os-vinhos-tranquilos\/#breadcrumb\",\"itemListElement\":[{\"@type\":\"ListItem\",\"position\":1,\"name\":\"In\u00edcio\",\"item\":\"https:\/\/thebestportugal.com\/\"},{\"@type\":\"ListItem\",\"position\":2,\"name\":\"As Condi\u00e7\u00f5es Naturais do Douro para o Vinho do Porto Beneficiam Tamb\u00e9m os Vinhos Tranquilos\"}]},{\"@type\":\"WebSite\",\"@id\":\"https:\/\/thebestportugal.com\/#website\",\"url\":\"https:\/\/thebestportugal.com\/\",\"name\":\"The Best Portugal\",\"description\":\"Wine Stories and Tours you will never forget\",\"publisher\":{\"@id\":\"https:\/\/thebestportugal.com\/#organization\"},\"potentialAction\":[{\"@type\":\"SearchAction\",\"target\":{\"@type\":\"EntryPoint\",\"urlTemplate\":\"https:\/\/thebestportugal.com\/?s={search_term_string}\"},\"query-input\":\"required name=search_term_string\"}],\"inLanguage\":\"pt-PT\"},{\"@type\":\"Organization\",\"@id\":\"https:\/\/thebestportugal.com\/#organization\",\"name\":\"The Best Portugal\",\"url\":\"https:\/\/thebestportugal.com\/\",\"logo\":{\"@type\":\"ImageObject\",\"inLanguage\":\"pt-PT\",\"@id\":\"https:\/\/thebestportugal.com\/#\/schema\/logo\/image\/\",\"url\":\"https:\/\/thebestportugal.com\/wp-content\/uploads\/2023\/04\/cropped-The-best-PT.jpg\",\"contentUrl\":\"https:\/\/thebestportugal.com\/wp-content\/uploads\/2023\/04\/cropped-The-best-PT.jpg\",\"width\":512,\"height\":512,\"caption\":\"The Best Portugal\"},\"image\":{\"@id\":\"https:\/\/thebestportugal.com\/#\/schema\/logo\/image\/\"},\"sameAs\":[\"https:\/\/www.facebook.com\/thebestportugl\",\"https:\/\/www.instagram.com\/the_best_portugal\/\"]},{\"@type\":\"Person\",\"@id\":\"https:\/\/thebestportugal.com\/#\/schema\/person\/aa3bb54f350ef0a8285ed87c404bd424\",\"name\":\"admin\",\"image\":{\"@type\":\"ImageObject\",\"inLanguage\":\"pt-PT\",\"@id\":\"https:\/\/thebestportugal.com\/#\/schema\/person\/image\/\",\"url\":\"https:\/\/thebestportugal.com\/wp-content\/litespeed\/avatar\/43585d1a6c949ff59b6ebbe535110d1e.jpg?ver=1777132828\",\"contentUrl\":\"https:\/\/thebestportugal.com\/wp-content\/litespeed\/avatar\/43585d1a6c949ff59b6ebbe535110d1e.jpg?ver=1777132828\",\"caption\":\"admin\"},\"sameAs\":[\"https:\/\/thebestportugal.com\"],\"url\":\"https:\/\/thebestportugal.com\/pt-pt\/author\/admin\/\"}]}<\/script>\n<!-- \/ Yoast SEO plugin. -->","yoast_head_json":{"title":"As Condi\u00e7\u00f5es Naturais do Douro para o Vinho do Porto Beneficiam Tamb\u00e9m os Vinhos Tranquilos | The Best Portugal","robots":{"index":"index","follow":"follow","max-snippet":"max-snippet:-1","max-image-preview":"max-image-preview:large","max-video-preview":"max-video-preview:-1"},"canonical":"https:\/\/thebestportugal.com\/pt-pt\/as-condicoes-naturais-do-douro-para-o-vinho-do-porto-beneficiam-tambem-os-vinhos-tranquilos\/","og_locale":"pt_PT","og_type":"article","og_title":"As Condi\u00e7\u00f5es Naturais do Douro para o Vinho do Porto Beneficiam Tamb\u00e9m os Vinhos Tranquilos | The Best Portugal","og_description":"Wine and Food O Douro, dadas as suas qualidades naturais \u00fanicas para a produ\u00e7\u00e3o de vinhos de excel\u00eancia e a sua longa hist\u00f3ria &#8211; uma verdadeira saga humana de 250 anos &#8211; \u00e9 um destino de elei\u00e7\u00e3o. Entre Barqueiros e Barca d&#8217;Alva, as encostas selvagens do vale transformam-se em sali\u00eancias, criando uma paisagem impressionante, considerada [&hellip;]","og_url":"\/pt-pt\/as-condicoes-naturais-do-douro-para-o-vinho-do-porto-beneficiam-tambem-os-vinhos-tranquilos\/","og_site_name":"The Best Portugal","article_publisher":"https:\/\/www.facebook.com\/thebestportugl","article_published_time":"2023-08-25T00:53:53+00:00","article_modified_time":"2024-01-17T11:36:39+00:00","og_image":[{"url":"https:\/\/thebestportugal.com\/wp-content\/uploads\/2023\/08\/nuno-pinto-L_9Qu7uaQvQ-unsplash-1-1024x768.jpg"}],"author":"admin","twitter_card":"summary_large_image","twitter_misc":{"Escrito por":"admin","Tempo estimado de leitura":"4 minutos"},"schema":{"@context":"https:\/\/schema.org","@graph":[{"@type":"Article","@id":"https:\/\/thebestportugal.com\/pt-pt\/as-condicoes-naturais-do-douro-para-o-vinho-do-porto-beneficiam-tambem-os-vinhos-tranquilos\/#article","isPartOf":{"@id":"\/pt-pt\/as-condicoes-naturais-do-douro-para-o-vinho-do-porto-beneficiam-tambem-os-vinhos-tranquilos\/"},"author":{"name":"admin","@id":"https:\/\/thebestportugal.com\/#\/schema\/person\/aa3bb54f350ef0a8285ed87c404bd424"},"headline":"As Condi\u00e7\u00f5es Naturais do Douro para o Vinho do Porto Beneficiam Tamb\u00e9m os Vinhos Tranquilos","datePublished":"2023-08-25T00:53:53+00:00","dateModified":"2024-01-17T11:36:39+00:00","mainEntityOfPage":{"@id":"\/pt-pt\/as-condicoes-naturais-do-douro-para-o-vinho-do-porto-beneficiam-tambem-os-vinhos-tranquilos\/"},"wordCount":800,"commentCount":0,"publisher":{"@id":"https:\/\/thebestportugal.com\/#organization"},"articleSection":["Vinho e comida"],"inLanguage":"pt-PT","potentialAction":[{"@type":"CommentAction","name":"Comment","target":["https:\/\/thebestportugal.com\/pt-pt\/as-condicoes-naturais-do-douro-para-o-vinho-do-porto-beneficiam-tambem-os-vinhos-tranquilos\/#respond"]}]},{"@type":"WebPage","@id":"\/pt-pt\/as-condicoes-naturais-do-douro-para-o-vinho-do-porto-beneficiam-tambem-os-vinhos-tranquilos\/","url":"https:\/\/thebestportugal.com\/pt-pt\/as-condicoes-naturais-do-douro-para-o-vinho-do-porto-beneficiam-tambem-os-vinhos-tranquilos\/","name":"As Condi\u00e7\u00f5es Naturais do Douro para o Vinho do Porto Beneficiam Tamb\u00e9m os Vinhos Tranquilos | The Best Portugal","isPartOf":{"@id":"https:\/\/thebestportugal.com\/#website"},"datePublished":"2023-08-25T00:53:53+00:00","dateModified":"2024-01-17T11:36:39+00:00","breadcrumb":{"@id":"https:\/\/thebestportugal.com\/pt-pt\/as-condicoes-naturais-do-douro-para-o-vinho-do-porto-beneficiam-tambem-os-vinhos-tranquilos\/#breadcrumb"},"inLanguage":"pt-PT","potentialAction":[{"@type":"ReadAction","target":["https:\/\/thebestportugal.com\/pt-pt\/as-condicoes-naturais-do-douro-para-o-vinho-do-porto-beneficiam-tambem-os-vinhos-tranquilos\/"]}]},{"@type":"BreadcrumbList","@id":"https:\/\/thebestportugal.com\/pt-pt\/as-condicoes-naturais-do-douro-para-o-vinho-do-porto-beneficiam-tambem-os-vinhos-tranquilos\/#breadcrumb","itemListElement":[{"@type":"ListItem","position":1,"name":"In\u00edcio","item":"https:\/\/thebestportugal.com\/"},{"@type":"ListItem","position":2,"name":"As Condi\u00e7\u00f5es Naturais do Douro para o Vinho do Porto Beneficiam Tamb\u00e9m os Vinhos Tranquilos"}]},{"@type":"WebSite","@id":"https:\/\/thebestportugal.com\/#website","url":"https:\/\/thebestportugal.com\/","name":"The Best Portugal","description":"Wine Stories and Tours you will never forget","publisher":{"@id":"https:\/\/thebestportugal.com\/#organization"},"potentialAction":[{"@type":"SearchAction","target":{"@type":"EntryPoint","urlTemplate":"https:\/\/thebestportugal.com\/?s={search_term_string}"},"query-input":"required name=search_term_string"}],"inLanguage":"pt-PT"},{"@type":"Organization","@id":"https:\/\/thebestportugal.com\/#organization","name":"The Best Portugal","url":"https:\/\/thebestportugal.com\/","logo":{"@type":"ImageObject","inLanguage":"pt-PT","@id":"https:\/\/thebestportugal.com\/#\/schema\/logo\/image\/","url":"https:\/\/thebestportugal.com\/wp-content\/uploads\/2023\/04\/cropped-The-best-PT.jpg","contentUrl":"https:\/\/thebestportugal.com\/wp-content\/uploads\/2023\/04\/cropped-The-best-PT.jpg","width":512,"height":512,"caption":"The Best Portugal"},"image":{"@id":"https:\/\/thebestportugal.com\/#\/schema\/logo\/image\/"},"sameAs":["https:\/\/www.facebook.com\/thebestportugl","https:\/\/www.instagram.com\/the_best_portugal\/"]},{"@type":"Person","@id":"https:\/\/thebestportugal.com\/#\/schema\/person\/aa3bb54f350ef0a8285ed87c404bd424","name":"admin","image":{"@type":"ImageObject","inLanguage":"pt-PT","@id":"https:\/\/thebestportugal.com\/#\/schema\/person\/image\/","url":"https:\/\/thebestportugal.com\/wp-content\/litespeed\/avatar\/43585d1a6c949ff59b6ebbe535110d1e.jpg?ver=1777132828","contentUrl":"https:\/\/thebestportugal.com\/wp-content\/litespeed\/avatar\/43585d1a6c949ff59b6ebbe535110d1e.jpg?ver=1777132828","caption":"admin"},"sameAs":["https:\/\/thebestportugal.com"],"url":"https:\/\/thebestportugal.com\/pt-pt\/author\/admin\/"}]}},"_links":{"self":[{"href":"https:\/\/thebestportugal.com\/pt-pt\/wp-json\/wp\/v2\/posts\/11952"}],"collection":[{"href":"https:\/\/thebestportugal.com\/pt-pt\/wp-json\/wp\/v2\/posts"}],"about":[{"href":"https:\/\/thebestportugal.com\/pt-pt\/wp-json\/wp\/v2\/types\/post"}],"author":[{"embeddable":true,"href":"https:\/\/thebestportugal.com\/pt-pt\/wp-json\/wp\/v2\/users\/1"}],"replies":[{"embeddable":true,"href":"https:\/\/thebestportugal.com\/pt-pt\/wp-json\/wp\/v2\/comments?post=11952"}],"version-history":[{"count":3,"href":"https:\/\/thebestportugal.com\/pt-pt\/wp-json\/wp\/v2\/posts\/11952\/revisions"}],"predecessor-version":[{"id":11986,"href":"https:\/\/thebestportugal.com\/pt-pt\/wp-json\/wp\/v2\/posts\/11952\/revisions\/11986"}],"wp:attachment":[{"href":"https:\/\/thebestportugal.com\/pt-pt\/wp-json\/wp\/v2\/media?parent=11952"}],"wp:term":[{"taxonomy":"category","embeddable":true,"href":"https:\/\/thebestportugal.com\/pt-pt\/wp-json\/wp\/v2\/categories?post=11952"},{"taxonomy":"post_tag","embeddable":true,"href":"https:\/\/thebestportugal.com\/pt-pt\/wp-json\/wp\/v2\/tags?post=11952"}],"curies":[{"name":"wp","href":"https:\/\/api.w.org\/{rel}","templated":true}]}}